{"id":6357,"global_id":"ref-sevelen.ch\/en?id=6357","global_id_lineage":["ref-sevelen.ch\/en?id=6357"],"author":"9","status":"publish","date":"2021-12-24 08:51:20","date_utc":"2021-12-24 07:51:20","modified":"2022-09-14 14:04:42","modified_utc":"2022-09-14 12:04:42","url":"https:\/\/ref-sevelen.ch\/en\/veranstaltungen\/2021-09-19-2021-10-10-2021-11-14-2022-01-23-2022-02-13-2022-09-18\/","rest_url":"https:\/\/ref-sevelen.ch\/en\/wp-json\/tribe\/events\/v1\/events\/6357","title":"Gottesdienst","description":"<div  class=\"tribe-events-schedule tribe-clearfix\" >\n\t<p class=\"tribe-events-schedule__datetime\">\n\t\t<span class=\"tribe-events-schedule__date tribe-events-schedule__date--start\">\n\t\t\t\t\t<\/span>\n\n\t\t\t\t\t<span class=\"tribe-events-schedule__separator tribe-events-schedule__separator--date\">\n\t\t\t\t um \t\t\t<\/span>\n\t\t\t<span class=\"tribe-events-schedule__time tribe-events-schedule__time--start\">\n\t\t\t\t\t\t\t<\/span>\n\t\t\n\t\t\t<\/p>\n<\/div>\n\n\n\n<p class=\"wp-block-paragraph\">Gottesdienst zum Eidgen\u00f6ssischen Dank- Buss und Bettag mit Abendmahl<\/p>\n\n\n\n<p class=\"wp-block-paragraph\">Musik: Gospelfragment Gams<\/p>\n\n\n\n<p class=\"wp-block-paragraph\">Anschliessend A\u00f6p\u00e9ro<\/p>\n\n\n<div  class=\"tribe-block tribe-block__venue tribe-clearfix\" >\n\t\n\t\t\n\t<\/div>\n\n\n\n\n\n\n\n\n\n\n\t<div  class=\"tribe-block tribe-block__events-link\" >\n\t\t<div class=\"tribe-events tribe-common\">\n\t\t\t<div class=\"tribe-events-c-subscribe-dropdown__container\">\n\t\t\t\t<div class=\"tribe-events-c-subscribe-dropdown\">\n\t\t\t\t\t<div class=\"tribe-common-c-btn-border tribe-events-c-subscribe-dropdown__button\">\n\t\t\t\t\t\t<svg\n\t class=\"tribe-common-c-svgicon tribe-common-c-svgicon--cal-export tribe-events-c-subscribe-dropdown__export-icon\" \taria-hidden=\"true\"\n\tviewBox=\"0 0 23 17\"\n\txmlns=\"http:\/\/www.w3.org\/2000\/svg\"\n>\n\t<path fill-rule=\"evenodd\" clip-rule=\"evenodd\" d=\"M.128.896V16.13c0 .211.145.383.323.383h15.354c.179 0 .323-.172.323-.383V.896c0-.212-.144-.383-.323-.383H.451C.273.513.128.684.128.896Zm16 6.742h-.901V4.679H1.009v10.729h14.218v-3.336h.901V7.638ZM1.01 1.614h14.218v2.058H1.009V1.614Z\" \/>\n\t<path d=\"M20.5 9.846H8.312M18.524 6.953l2.89 2.909-2.855 2.855\" stroke-width=\"1.2\" stroke-linecap=\"round\" stroke-linejoin=\"round\"\/>\n<\/svg>\n\t\t\t\t\t\t<button\n\t\t\t\t\t\t\tclass=\"tribe-events-c-subscribe-dropdown__button-text\"\n\t\t\t\t\t\t\taria-expanded=\"false\"\n\t\t\t\t\t\t\taria-controls=\"tribe-events-subscribe-dropdown-content\"\n\t\t\t\t\t\t\taria-label=\"View links to add events to your calendar\"\n\t\t\t\t\t\t>\n\t\t\t\t\t\t\tAdd to calendar\t\t\t\t\t\t<\/button>\n\t\t\t\t\t\t<svg\n\t class=\"tribe-common-c-svgicon tribe-common-c-svgicon--caret-down tribe-events-c-subscribe-dropdown__button-icon\" \taria-hidden=\"true\"\n\tviewBox=\"0 0 10 7\"\n\txmlns=\"http:\/\/www.w3.org\/2000\/svg\"\n>\n\t<path fill-rule=\"evenodd\" clip-rule=\"evenodd\" d=\"M1.008.609L5 4.6 8.992.61l.958.958L5 6.517.05 1.566l.958-.958z\" class=\"tribe-common-c-svgicon__svg-fill\"\/>\n<\/svg>\n\t\t\t\t\t<\/div>\n\t\t\t\t\t<div id=\"tribe-events-subscribe-dropdown-content\" class=\"tribe-events-c-subscribe-dropdown__content\">\n\t\t\t\t\t\t<ul class=\"tribe-events-c-subscribe-dropdown__list\">\n\t\t\t\t\t\t\t\t\t\t\t\t\t\t\t<li class=\"tribe-events-c-subscribe-dropdown__list-item tribe-events-c-subscribe-dropdown__list-item--gcal\">\n\t\t\t\t\t\t\t\t\t<a\n\t\t\t\t\t\t\t\t\t\thref=\"\"\n\t\t\t\t\t\t\t\t\t\tclass=\"tribe-events-c-subscribe-dropdown__list-item-link\"\n\t\t\t\t\t\t\t\t\t\ttarget=\"_blank\"\n\t\t\t\t\t\t\t\t\t\trel=\"noopener noreferrer nofollow noindex\"\n\t\t\t\t\t\t\t\t\t>\n\t\t\t\t\t\t\t\t\t\tGoogle Calendar\t\t\t\t\t\t\t\t\t<\/a>\n\t\t\t\t\t\t\t\t<\/li>\n\t\t\t\t\t\t\t\t\t\t\t\t\t\t\t<li class=\"tribe-events-c-subscribe-dropdown__list-item tribe-events-c-subscribe-dropdown__list-item--ical\">\n\t\t\t\t\t\t\t\t\t<a\n\t\t\t\t\t\t\t\t\t\thref=\"\"\n\t\t\t\t\t\t\t\t\t\tclass=\"tribe-events-c-subscribe-dropdown__list-item-link\"\n\t\t\t\t\t\t\t\t\t\ttarget=\"_blank\"\n\t\t\t\t\t\t\t\t\t\trel=\"noopener noreferrer nofollow noindex\"\n\t\t\t\t\t\t\t\t\t>\n\t\t\t\t\t\t\t\t\t\tiCalendar\t\t\t\t\t\t\t\t\t<\/a>\n\t\t\t\t\t\t\t\t<\/li>\n\t\t\t\t\t\t\t\t\t\t\t\t\t\t\t<li class=\"tribe-events-c-subscribe-dropdown__list-item tribe-events-c-subscribe-dropdown__list-item--outlook-365\">\n\t\t\t\t\t\t\t\t\t<a\n\t\t\t\t\t\t\t\t\t\thref=\"\"\n\t\t\t\t\t\t\t\t\t\tclass=\"tribe-events-c-subscribe-dropdown__list-item-link\"\n\t\t\t\t\t\t\t\t\t\ttarget=\"_blank\"\n\t\t\t\t\t\t\t\t\t\trel=\"noopener noreferrer nofollow noindex\"\n\t\t\t\t\t\t\t\t\t>\n\t\t\t\t\t\t\t\t\t\tOutlook 365\t\t\t\t\t\t\t\t\t<\/a>\n\t\t\t\t\t\t\t\t<\/li>\n\t\t\t\t\t\t\t\t\t\t\t\t\t\t\t<li class=\"tribe-events-c-subscribe-dropdown__list-item tribe-events-c-subscribe-dropdown__list-item--outlook-live\">\n\t\t\t\t\t\t\t\t\t<a\n\t\t\t\t\t\t\t\t\t\thref=\"\"\n\t\t\t\t\t\t\t\t\t\tclass=\"tribe-events-c-subscribe-dropdown__list-item-link\"\n\t\t\t\t\t\t\t\t\t\ttarget=\"_blank\"\n\t\t\t\t\t\t\t\t\t\trel=\"noopener noreferrer nofollow noindex\"\n\t\t\t\t\t\t\t\t\t>\n\t\t\t\t\t\t\t\t\t\tOutlook Live\t\t\t\t\t\t\t\t\t<\/a>\n\t\t\t\t\t\t\t\t<\/li>\n\t\t\t\t\t\t\t\t\t\t\t\t\t<\/ul>\n\t\t\t\t\t<\/div>\n\t\t\t\t<\/div>\n\t\t\t<\/div>\n\t\t<\/div>\n\t<\/div>","excerpt":"","slug":"2021-09-19-2021-10-10-2021-11-14-2022-01-23-2022-02-13-2022-09-18","image":{"url":"https:\/\/ref-sevelen.ch\/wp-content\/uploads\/2019\/11\/refs_mittag-39.jpeg","id":1304,"extension":"jpeg","width":1280,"height":854,"sizes":{"thumbnail":{"width":150,"height":150,"mime-type":"image\/jpeg","url":"https:\/\/ref-sevelen.ch\/wp-content\/uploads\/2019\/11\/refs_mittag-39-150x150.jpeg"},"medium":{"width":300,"height":200,"mime-type":"image\/jpeg","url":"https:\/\/ref-sevelen.ch\/wp-content\/uploads\/2019\/11\/refs_mittag-39-300x200.jpeg"},"medium_large":{"width":768,"height":512,"mime-type":"image\/jpeg","url":"https:\/\/ref-sevelen.ch\/wp-content\/uploads\/2019\/11\/refs_mittag-39-768x512.jpeg"},"large":{"width":1024,"height":683,"mime-type":"image\/jpeg","url":"https:\/\/ref-sevelen.ch\/wp-content\/uploads\/2019\/11\/refs_mittag-39-1024x683.jpeg"}}},"all_day":false,"start_date":"2022-09-18 09:30:00","start_date_details":{"year":"2022","month":"09","day":"18","hour":"09","minutes":"30","seconds":"00"},"end_date":"2022-09-18 09:30:00","end_date_details":{"year":"2022","month":"09","day":"18","hour":"09","minutes":"30","seconds":"00"},"utc_start_date":"2022-09-18 07:30:00","utc_start_date_details":{"year":"2022","month":"09","day":"18","hour":"07","minutes":"30","seconds":"00"},"utc_end_date":"2022-09-18 07:30:00","utc_end_date_details":{"year":"2022","month":"09","day":"18","hour":"07","minutes":"30","seconds":"00"},"timezone":"Europe\/Zurich","timezone_abbr":"","cost":"","cost_details":{"currency_symbol":"CHF","currency_code":"","currency_position":"suffix","values":[]},"website":"","show_map":true,"show_map_link":true,"hide_from_listings":false,"sticky":false,"featured":false,"categories":[{"name":"Beten","slug":"beten","term_group":0,"term_taxonomy_id":17,"taxonomy":"tribe_events_cat","description":"","parent":0,"count":39,"filter":"raw","id":17,"urls":{"self":"https:\/\/ref-sevelen.ch\/en\/wp-json\/tribe\/events\/v1\/categories\/17","collection":"https:\/\/ref-sevelen.ch\/en\/wp-json\/tribe\/events\/v1\/categories"}},{"name":"Gemeinsam","slug":"gemeinsam","term_group":0,"term_taxonomy_id":33,"taxonomy":"tribe_events_cat","description":"","parent":0,"count":32,"filter":"raw","id":33,"urls":{"self":"https:\/\/ref-sevelen.ch\/en\/wp-json\/tribe\/events\/v1\/categories\/33","collection":"https:\/\/ref-sevelen.ch\/en\/wp-json\/tribe\/events\/v1\/categories"}},{"name":"Gottesdienst","slug":"gottesdienst","term_group":0,"term_taxonomy_id":61,"taxonomy":"tribe_events_cat","description":"","parent":0,"count":38,"filter":"raw","id":61,"urls":{"self":"https:\/\/ref-sevelen.ch\/en\/wp-json\/tribe\/events\/v1\/categories\/61","collection":"https:\/\/ref-sevelen.ch\/en\/wp-json\/tribe\/events\/v1\/categories"}},{"name":"Zuh\u00f6ren","slug":"zuhoeren","term_group":0,"term_taxonomy_id":37,"taxonomy":"tribe_events_cat","description":"","parent":0,"count":39,"filter":"raw","id":37,"urls":{"self":"https:\/\/ref-sevelen.ch\/en\/wp-json\/tribe\/events\/v1\/categories\/37","collection":"https:\/\/ref-sevelen.ch\/en\/wp-json\/tribe\/events\/v1\/categories"}}],"tags":[{"name":"Gottesdienst","slug":"gottesdienst","term_group":0,"term_taxonomy_id":53,"taxonomy":"post_tag","description":"","parent":0,"count":42,"filter":"raw","id":53,"urls":{"self":"https:\/\/ref-sevelen.ch\/en\/wp-json\/tribe\/events\/v1\/tags\/53","collection":"https:\/\/ref-sevelen.ch\/en\/wp-json\/tribe\/events\/v1\/tags"}}],"venue":[],"organizer":[],"custom_fields":{"_ecp_custom_4":{"label":"Der Gottesdienst wird gehalten von","value":"Beate Drafehn"}},"json_ld":{"@context":"http:\/\/schema.org","@type":"Event","name":"Gottesdienst","description":"&lt;p&gt;Gottesdienst zum Eidgen\u00f6ssischen Dank- Buss und Bettag mit Abendmahl Musik: Gospelfragment Gams Anschliessend A\u00f6p\u00e9ro&lt;\/p&gt;\\n","image":"https:\/\/ref-sevelen.ch\/wp-content\/uploads\/2019\/11\/refs_mittag-39.jpeg","url":"https:\/\/ref-sevelen.ch\/en\/veranstaltungen\/2021-09-19-2021-10-10-2021-11-14-2022-01-23-2022-02-13-2022-09-18\/","eventAttendanceMode":"https:\/\/schema.org\/OfflineEventAttendanceMode","eventStatus":"https:\/\/schema.org\/EventScheduled","startDate":"2022-09-18T09:30:00+02:00","endDate":"2022-09-18T09:30:00+02:00","performer":"Organization"},"is_virtual":false,"virtual_url":null,"virtual_video_source":""}