{"id":5382,"global_id":"ref-sevelen.ch\/en?id=5382","global_id_lineage":["ref-sevelen.ch\/en?id=5382"],"author":"9","status":"publish","date":"2020-03-17 11:51:07","date_utc":"2020-03-17 10:51:07","modified":"2021-12-24 09:16:20","modified_utc":"2021-12-24 08:16:20","url":"https:\/\/ref-sevelen.ch\/en\/veranstaltungen\/maentigsclub-11-2022-01-03\/","rest_url":"https:\/\/ref-sevelen.ch\/en\/wp-json\/tribe\/events\/v1\/events\/5382","title":"M\u00e4ntigsclub","description":"<div  class=\"tribe-events-schedule tribe-clearfix\" >\n\t<p class=\"tribe-events-schedule__datetime\">\n\t\t<span class=\"tribe-events-schedule__date tribe-events-schedule__date--start\">\n\t\t\t\t\t<\/span>\n\n\t\t\t\t\t<span class=\"tribe-events-schedule__separator tribe-events-schedule__separator--date\">\n\t\t\t\t um \t\t\t<\/span>\n\t\t\t<span class=\"tribe-events-schedule__time tribe-events-schedule__time--start\">\n\t\t\t\t\t\t\t<\/span>\n\t\t\n\t\t\t<\/p>\n<\/div>\n\n\n\n<p class=\"has-text-align-center wp-block-paragraph\">Glauben lebendig, kreativ und interaktiv erleben \u2013 f\u00fcr Kinder vom Kindergarten bis zur 3. Klasse. Besondere H\u00f6hepunkte im Jahr: M\u00e4ntigsClub unterwegs, ein toller Ausflug, \u00dcbernachten in der Kirche; Weihnachtsspiel.      <\/p>\n\n\n\n<div style=\"height:40px\" aria-hidden=\"true\" class=\"wp-block-spacer\"><\/div>\n\n\n\n<div style=\"height:40px\" aria-hidden=\"true\" class=\"wp-block-spacer\"><\/div>\n\n\n<div  class=\"tribe-block tribe-block__venue tribe-clearfix\" >\n\t\n\t\t\n\t<\/div>\n\n\n\n<div style=\"height:40px\" aria-hidden=\"true\" class=\"wp-block-spacer\"><\/div>\n\n\n\t<div  class=\"tribe-block tribe-block__events-link\" >\n\t\t<div class=\"tribe-events tribe-common\">\n\t\t\t<div class=\"tribe-events-c-subscribe-dropdown__container\">\n\t\t\t\t<div class=\"tribe-events-c-subscribe-dropdown\">\n\t\t\t\t\t<div class=\"tribe-common-c-btn-border tribe-events-c-subscribe-dropdown__button\">\n\t\t\t\t\t\t<svg\n\t class=\"tribe-common-c-svgicon tribe-common-c-svgicon--cal-export tribe-events-c-subscribe-dropdown__export-icon\" \taria-hidden=\"true\"\n\tviewBox=\"0 0 23 17\"\n\txmlns=\"http:\/\/www.w3.org\/2000\/svg\"\n>\n\t<path fill-rule=\"evenodd\" clip-rule=\"evenodd\" d=\"M.128.896V16.13c0 .211.145.383.323.383h15.354c.179 0 .323-.172.323-.383V.896c0-.212-.144-.383-.323-.383H.451C.273.513.128.684.128.896Zm16 6.742h-.901V4.679H1.009v10.729h14.218v-3.336h.901V7.638ZM1.01 1.614h14.218v2.058H1.009V1.614Z\" \/>\n\t<path d=\"M20.5 9.846H8.312M18.524 6.953l2.89 2.909-2.855 2.855\" stroke-width=\"1.2\" stroke-linecap=\"round\" stroke-linejoin=\"round\"\/>\n<\/svg>\n\t\t\t\t\t\t<button\n\t\t\t\t\t\t\tclass=\"tribe-events-c-subscribe-dropdown__button-text\"\n\t\t\t\t\t\t\taria-expanded=\"false\"\n\t\t\t\t\t\t\taria-controls=\"tribe-events-subscribe-dropdown-content\"\n\t\t\t\t\t\t\taria-label=\"View links to add events to your calendar\"\n\t\t\t\t\t\t>\n\t\t\t\t\t\t\tAdd to calendar\t\t\t\t\t\t<\/button>\n\t\t\t\t\t\t<svg\n\t class=\"tribe-common-c-svgicon tribe-common-c-svgicon--caret-down tribe-events-c-subscribe-dropdown__button-icon\" \taria-hidden=\"true\"\n\tviewBox=\"0 0 10 7\"\n\txmlns=\"http:\/\/www.w3.org\/2000\/svg\"\n>\n\t<path fill-rule=\"evenodd\" clip-rule=\"evenodd\" d=\"M1.008.609L5 4.6 8.992.61l.958.958L5 6.517.05 1.566l.958-.958z\" class=\"tribe-common-c-svgicon__svg-fill\"\/>\n<\/svg>\n\t\t\t\t\t<\/div>\n\t\t\t\t\t<div id=\"tribe-events-subscribe-dropdown-content\" class=\"tribe-events-c-subscribe-dropdown__content\">\n\t\t\t\t\t\t<ul class=\"tribe-events-c-subscribe-dropdown__list\">\n\t\t\t\t\t\t\t\t\t\t\t\t\t\t\t<li class=\"tribe-events-c-subscribe-dropdown__list-item tribe-events-c-subscribe-dropdown__list-item--gcal\">\n\t\t\t\t\t\t\t\t\t<a\n\t\t\t\t\t\t\t\t\t\thref=\"\"\n\t\t\t\t\t\t\t\t\t\tclass=\"tribe-events-c-subscribe-dropdown__list-item-link\"\n\t\t\t\t\t\t\t\t\t\ttarget=\"_blank\"\n\t\t\t\t\t\t\t\t\t\trel=\"noopener noreferrer nofollow noindex\"\n\t\t\t\t\t\t\t\t\t>\n\t\t\t\t\t\t\t\t\t\tGoogle Calendar\t\t\t\t\t\t\t\t\t<\/a>\n\t\t\t\t\t\t\t\t<\/li>\n\t\t\t\t\t\t\t\t\t\t\t\t\t\t\t<li class=\"tribe-events-c-subscribe-dropdown__list-item tribe-events-c-subscribe-dropdown__list-item--ical\">\n\t\t\t\t\t\t\t\t\t<a\n\t\t\t\t\t\t\t\t\t\thref=\"\"\n\t\t\t\t\t\t\t\t\t\tclass=\"tribe-events-c-subscribe-dropdown__list-item-link\"\n\t\t\t\t\t\t\t\t\t\ttarget=\"_blank\"\n\t\t\t\t\t\t\t\t\t\trel=\"noopener noreferrer nofollow noindex\"\n\t\t\t\t\t\t\t\t\t>\n\t\t\t\t\t\t\t\t\t\tiCalendar\t\t\t\t\t\t\t\t\t<\/a>\n\t\t\t\t\t\t\t\t<\/li>\n\t\t\t\t\t\t\t\t\t\t\t\t\t\t\t<li class=\"tribe-events-c-subscribe-dropdown__list-item tribe-events-c-subscribe-dropdown__list-item--outlook-365\">\n\t\t\t\t\t\t\t\t\t<a\n\t\t\t\t\t\t\t\t\t\thref=\"\"\n\t\t\t\t\t\t\t\t\t\tclass=\"tribe-events-c-subscribe-dropdown__list-item-link\"\n\t\t\t\t\t\t\t\t\t\ttarget=\"_blank\"\n\t\t\t\t\t\t\t\t\t\trel=\"noopener noreferrer nofollow noindex\"\n\t\t\t\t\t\t\t\t\t>\n\t\t\t\t\t\t\t\t\t\tOutlook 365\t\t\t\t\t\t\t\t\t<\/a>\n\t\t\t\t\t\t\t\t<\/li>\n\t\t\t\t\t\t\t\t\t\t\t\t\t\t\t<li class=\"tribe-events-c-subscribe-dropdown__list-item tribe-events-c-subscribe-dropdown__list-item--outlook-live\">\n\t\t\t\t\t\t\t\t\t<a\n\t\t\t\t\t\t\t\t\t\thref=\"\"\n\t\t\t\t\t\t\t\t\t\tclass=\"tribe-events-c-subscribe-dropdown__list-item-link\"\n\t\t\t\t\t\t\t\t\t\ttarget=\"_blank\"\n\t\t\t\t\t\t\t\t\t\trel=\"noopener noreferrer nofollow noindex\"\n\t\t\t\t\t\t\t\t\t>\n\t\t\t\t\t\t\t\t\t\tOutlook Live\t\t\t\t\t\t\t\t\t<\/a>\n\t\t\t\t\t\t\t\t<\/li>\n\t\t\t\t\t\t\t\t\t\t\t\t\t<\/ul>\n\t\t\t\t\t<\/div>\n\t\t\t\t<\/div>\n\t\t\t<\/div>\n\t\t<\/div>\n\t<\/div>\n\n\n\n\n<div style=\"height:40px\" aria-hidden=\"true\" class=\"wp-block-spacer\"><\/div>\n\n\n\n\n\n<div style=\"height:40px\" aria-hidden=\"true\" class=\"wp-block-spacer\"><\/div>\n\n\n\n<h2 class=\"has-text-align-center wp-block-heading\">Ansprechpartner<\/h2>\n\n\n\n<div class=\"wp-block-uagb-team uagb-team uagb-team__outer-wrap uagb-team__image-position-above uagb-team__align-center uagb-team__stack-tablet uagb-block-42dfc7bc\"><div class=\"uagb-team__wrap\"><div class=\"uagb-team__content\"><div class=\"uagb-team__image-wrap uagb-team__image-crop-square\"><img decoding=\"async\" class=\"\" src=\"https:\/\/ref-sevelen.ch\/wp-content\/uploads\/2019\/12\/hansandres_kids.jpg\" alt=\"\"\/><\/div><div class=\"uagb-team__title-wrap\"><h3 class=\"uagb-team__title\">Hansandres Egli<\/h3><span class=\"uagb-team__prefix\">Jugend<\/span><\/div><div class=\"uagb-team__desc-wrap\"><p class=\"uagb-team__desc\"><br> Ich wohne mit meiner Frau und drei erwachsenen Kindern in Grabs und bin in Azmoos aufgewachsen. Die letzten Jahre war ich in der evangelischen Kirchgemeinde Grabs-Gams vor allem in der Jugendarbeit und im Unterricht t\u00e4tig. Der Glaube wurde mir in meinem Leben zu einer wertvollen St\u00fctze. Als gelernter Zimmermann bin sehr praktisch veranlagt. Ich bin gerne in der Natur und in den Bergen unterwegs, dies zu Fuss, mit dem Fahrrad, mit den Skiern oder mit dem Motorrad. <br><br>Tel. +41 (0)79 517 94 48<br><a href=\"mailto:hansandres.egli@ref-sevelen.ch\">Nachricht an mich<\/a><br><\/p><\/div><\/div><\/div><\/div>","excerpt":"","slug":"maentigsclub-11-2022-01-03","image":{"url":"https:\/\/ref-sevelen.ch\/wp-content\/uploads\/2020\/03\/maentigsclub_refsevelen3.jpeg","id":2218,"extension":"jpeg","width":2500,"height":1667,"sizes":{"thumbnail":{"width":150,"height":150,"mime-type":"image\/jpeg","url":"https:\/\/ref-sevelen.ch\/wp-content\/uploads\/2020\/03\/maentigsclub_refsevelen3-150x150.jpeg"},"medium":{"width":300,"height":200,"mime-type":"image\/jpeg","url":"https:\/\/ref-sevelen.ch\/wp-content\/uploads\/2020\/03\/maentigsclub_refsevelen3-300x200.jpeg"},"medium_large":{"width":768,"height":512,"mime-type":"image\/jpeg","url":"https:\/\/ref-sevelen.ch\/wp-content\/uploads\/2020\/03\/maentigsclub_refsevelen3-768x512.jpeg"},"large":{"width":1024,"height":683,"mime-type":"image\/jpeg","url":"https:\/\/ref-sevelen.ch\/wp-content\/uploads\/2020\/03\/maentigsclub_refsevelen3-1024x683.jpeg"}}},"all_day":false,"start_date":"2022-01-03 16:30:00","start_date_details":{"year":"2022","month":"01","day":"03","hour":"16","minutes":"30","seconds":"00"},"end_date":"2022-01-03 17:30:00","end_date_details":{"year":"2022","month":"01","day":"03","hour":"17","minutes":"30","seconds":"00"},"utc_start_date":"2022-01-03 15:30:00","utc_start_date_details":{"year":"2022","month":"01","day":"03","hour":"15","minutes":"30","seconds":"00"},"utc_end_date":"2022-01-03 16:30:00","utc_end_date_details":{"year":"2022","month":"01","day":"03","hour":"16","minutes":"30","seconds":"00"},"timezone":"Europe\/Zurich","timezone_abbr":"","cost":"","cost_details":{"currency_symbol":"CHF","currency_code":"","currency_position":"suffix","values":[]},"website":"","show_map":true,"show_map_link":true,"hide_from_listings":false,"sticky":false,"featured":false,"categories":[{"name":"Basteln","slug":"basteln","term_group":0,"term_taxonomy_id":35,"taxonomy":"tribe_events_cat","description":"","parent":0,"count":3,"filter":"raw","id":35,"urls":{"self":"https:\/\/ref-sevelen.ch\/en\/wp-json\/tribe\/events\/v1\/categories\/35","collection":"https:\/\/ref-sevelen.ch\/en\/wp-json\/tribe\/events\/v1\/categories"}},{"name":"Kinder","slug":"kinder","term_group":0,"term_taxonomy_id":15,"taxonomy":"tribe_events_cat","description":"","parent":0,"count":6,"filter":"raw","id":15,"urls":{"self":"https:\/\/ref-sevelen.ch\/en\/wp-json\/tribe\/events\/v1\/categories\/15","collection":"https:\/\/ref-sevelen.ch\/en\/wp-json\/tribe\/events\/v1\/categories"}},{"name":"M\u00e4ntigsclub","slug":"maentigsclub","term_group":0,"term_taxonomy_id":44,"taxonomy":"tribe_events_cat","description":"","parent":0,"count":3,"filter":"raw","id":44,"urls":{"self":"https:\/\/ref-sevelen.ch\/en\/wp-json\/tribe\/events\/v1\/categories\/44","collection":"https:\/\/ref-sevelen.ch\/en\/wp-json\/tribe\/events\/v1\/categories"}},{"name":"Spielen","slug":"spielen","term_group":0,"term_taxonomy_id":31,"taxonomy":"tribe_events_cat","description":"","parent":0,"count":3,"filter":"raw","id":31,"urls":{"self":"https:\/\/ref-sevelen.ch\/en\/wp-json\/tribe\/events\/v1\/categories\/31","collection":"https:\/\/ref-sevelen.ch\/en\/wp-json\/tribe\/events\/v1\/categories"}},{"name":"Verstehen","slug":"verstehen","term_group":0,"term_taxonomy_id":38,"taxonomy":"tribe_events_cat","description":"","parent":0,"count":3,"filter":"raw","id":38,"urls":{"self":"https:\/\/ref-sevelen.ch\/en\/wp-json\/tribe\/events\/v1\/categories\/38","collection":"https:\/\/ref-sevelen.ch\/en\/wp-json\/tribe\/events\/v1\/categories"}}],"tags":[],"venue":{"id":1298,"author":"9","status":"publish","date":"2019-11-28 19:11:24","date_utc":"2019-11-28 19:11:24","modified":"2020-06-09 18:41:11","modified_utc":"2020-06-09 16:41:11","url":"https:\/\/ref-sevelen.ch\/en\/venue\/pfarrhaus\/","venue":"Pfarrhaus Sevelen","excerpt":"<p>Diese Veranstaltung findet in unserem Pfarrhaus, dass sich neben der Kirche befindet, statt. <\/p>","slug":"pfarrhaus","image":{"url":"https:\/\/ref-sevelen.ch\/wp-content\/uploads\/2019\/11\/refs_mittag-108.jpeg","id":1305,"extension":"jpeg","width":1280,"height":854,"sizes":{"thumbnail":{"width":150,"height":150,"mime-type":"image\/jpeg","url":"https:\/\/ref-sevelen.ch\/wp-content\/uploads\/2019\/11\/refs_mittag-108-150x150.jpeg"},"medium":{"width":300,"height":200,"mime-type":"image\/jpeg","url":"https:\/\/ref-sevelen.ch\/wp-content\/uploads\/2019\/11\/refs_mittag-108-300x200.jpeg"},"medium_large":{"width":768,"height":512,"mime-type":"image\/jpeg","url":"https:\/\/ref-sevelen.ch\/wp-content\/uploads\/2019\/11\/refs_mittag-108-768x512.jpeg"},"large":{"width":1024,"height":683,"mime-type":"image\/jpeg","url":"https:\/\/ref-sevelen.ch\/wp-content\/uploads\/2019\/11\/refs_mittag-108-1024x683.jpeg"}}},"address":"Pfarrgass","city":"Sevelen","country":"Schweiz","zip":"9475","json_ld":{"@type":"Place","name":"Pfarrhaus Sevelen","description":"&lt;p&gt;Diese Veranstaltung findet in unserem Pfarrhaus, dass sich neben der Kirche befindet, statt. &lt;\/p&gt;\\n","image":"https:\/\/ref-sevelen.ch\/wp-content\/uploads\/2019\/11\/refs_mittag-108.jpeg","url":"https:\/\/ref-sevelen.ch\/en\/venue\/pfarrhaus\/","address":{"@type":"PostalAddress","streetAddress":"Pfarrgass","addressLocality":"Sevelen","postalCode":"9475","addressCountry":"Schweiz"},"telephone":"","sameAs":""},"show_map":true,"show_map_link":false,"global_id":"ref-sevelen.ch\/en?id=1298","global_id_lineage":["ref-sevelen.ch\/en?id=1298"]},"organizer":[{"id":1197,"author":"9","status":"publish","date":"2019-11-24 15:46:04","date_utc":"2019-11-24 15:46:04","modified":"2020-10-14 08:38:54","modified_utc":"2020-10-14 06:38:54","url":"https:\/\/ref-sevelen.ch\/en\/organizer\/evangelische-kirche-sevelen\/","organizer":"Veranstalter: Ref Sevelen","slug":"evangelische-kirche-sevelen","image":{"url":"https:\/\/ref-sevelen.ch\/wp-content\/uploads\/2019\/11\/refs_mittag-39.jpeg","id":1304,"extension":"jpeg","width":1280,"height":854,"sizes":{"thumbnail":{"width":150,"height":150,"mime-type":"image\/jpeg","url":"https:\/\/ref-sevelen.ch\/wp-content\/uploads\/2019\/11\/refs_mittag-39-150x150.jpeg"},"medium":{"width":300,"height":200,"mime-type":"image\/jpeg","url":"https:\/\/ref-sevelen.ch\/wp-content\/uploads\/2019\/11\/refs_mittag-39-300x200.jpeg"},"medium_large":{"width":768,"height":512,"mime-type":"image\/jpeg","url":"https:\/\/ref-sevelen.ch\/wp-content\/uploads\/2019\/11\/refs_mittag-39-768x512.jpeg"},"large":{"width":1024,"height":683,"mime-type":"image\/jpeg","url":"https:\/\/ref-sevelen.ch\/wp-content\/uploads\/2019\/11\/refs_mittag-39-1024x683.jpeg"}}},"phone":"081 785 11 56","website":"https:\/\/ref-sevelen.ch","json_ld":{"@type":"Person","name":"Veranstalter: Ref Sevelen","description":"","image":"https:\/\/ref-sevelen.ch\/wp-content\/uploads\/2019\/11\/refs_mittag-39.jpeg","url":"https:\/\/ref-sevelen.ch","telephone":"081 785 11 56","email":"","sameAs":"https:\/\/ref-sevelen.ch"},"global_id":"ref-sevelen.ch\/en?id=1197","global_id_lineage":["ref-sevelen.ch\/en?id=1197"]}],"custom_fields":[],"json_ld":{"@context":"http:\/\/schema.org","@type":"Event","name":"M\u00e4ntigsclub","description":"&lt;p&gt;Glauben lebendig, kreativ und interaktiv erleben \u2013 f\u00fcr Kinder vom Kindergarten bis zur 3. Klasse. Besondere H\u00f6hepunkte im Jahr: M\u00e4ntigsClub unterwegs, ein toller Ausflug, \u00dcbernachten in der Kirche; Weihnachtsspiel. Ansprechpartner&lt;\/p&gt;\\n","image":"https:\/\/ref-sevelen.ch\/wp-content\/uploads\/2020\/03\/maentigsclub_refsevelen3.jpeg","url":"https:\/\/ref-sevelen.ch\/en\/veranstaltungen\/maentigsclub-11-2022-01-03\/","eventAttendanceMode":"https:\/\/schema.org\/OfflineEventAttendanceMode","eventStatus":"https:\/\/schema.org\/EventScheduled","startDate":"2022-01-03T16:30:00+01:00","endDate":"2022-01-03T17:30:00+01:00","location":{"@type":"Place","name":"Pfarrhaus Sevelen","description":"&lt;p&gt;Diese Veranstaltung findet in unserem Pfarrhaus, dass sich neben der Kirche befindet, statt. &lt;\/p&gt;\\n","image":"https:\/\/ref-sevelen.ch\/wp-content\/uploads\/2019\/11\/refs_mittag-108.jpeg","url":"https:\/\/ref-sevelen.ch\/en\/venue\/pfarrhaus\/","address":{"@type":"PostalAddress","streetAddress":"Pfarrgass","addressLocality":"Sevelen","postalCode":"9475","addressCountry":"Schweiz"},"telephone":"","sameAs":""},"organizer":{"@type":"Person","name":"Veranstalter: Ref Sevelen","description":"","image":"https:\/\/ref-sevelen.ch\/wp-content\/uploads\/2019\/11\/refs_mittag-39.jpeg","url":"https:\/\/ref-sevelen.ch","telephone":"081 785 11 56","email":"","sameAs":"https:\/\/ref-sevelen.ch"},"performer":"Organization"},"is_virtual":false,"virtual_url":null,"virtual_video_source":""}